{"id":1744,"date":"2017-05-11T09:59:44","date_gmt":"2017-05-11T08:59:44","guid":{"rendered":"https:\/\/www.encyclopedie-des-migrants.eu\/?p=1744"},"modified":"2017-05-11T10:14:16","modified_gmt":"2017-05-11T09:14:16","slug":"lart-deconstruire-representations","status":"publish","type":"post","link":"https:\/\/www.enciclopedia-de-los-migrantes.eu\/en\/lart-deconstruire-representations\/","title":{"rendered":"L\u2019art pour d\u00e9construire les repr\u00e9sentations ?"},"content":{"rendered":"<p><span style=\"font-size: 12pt;\">\u00c0 partir de la pr\u00e9sentation de trois exp\u00e9riences artistiques men\u00e9es par l\u2019artiste Rahaf Demashki, l\u2019association Danse \u00e0 tous les \u00e9tages et l\u2019association L\u2019\u00c2ge de la tortue, cette table-ronde s\u2019articulera autour des notions d\u2019engagement artistique et politique des artistes, de l\u2019art engag\u00e9, de citoyennet\u00e9, de repr\u00e9sentation et de participation pour des projets en lien avec la question des migrations. Les \u00e9quipes pr\u00e9sentes inviteront le public \u00e0 r\u00e9fl \u00e9chir autour des questions qui traversent ces projets : quelles sont les formes d\u2019engagement possibles des artistes ? Peut-on \u00eatre artiste et militant ? Chercheur et militant ? Qu\u2019est-ce qui motivent les porteurs de projet \u00e0 mener des projets participatifs sur cette th\u00e9matique ? Quel impact sur le changement de regard et des repr\u00e9sentations et sur la place des premiers concern\u00e9s dans ces projets ? Quelles richesses culturelles, sociales et \u00e9conomiques produit-on dans ce genre de projet ? <\/span><\/p>\n<p><strong><span style=\"font-size: 12pt;\">\u2192 18h, lecture de lettres de L\u2019Encyclop\u00e9die des migrants, en ouverture de la rencontre.<\/span><\/strong><\/p>\n<p><strong><span style=\"font-size: 12pt;\">\u2192 19h, table-ronde : \u00ab L\u2019art pour d\u00e9construire les repr\u00e9sentations ? Un autre visage de la migration \u00bb.<\/span><\/strong><\/p>\n<p><span style=\"font-size: 12pt;\">Une proposition de l\u2019\u00c2ge de la tortue, de Danse \u00e0 tous les \u00e9tages et de l\u2019artiste Rahaf Demashki <\/span><\/p>\n<p><span style=\"font-size: 12pt;\">Suivi de la pr\u00e9sentation de l\u2019exposition Trajet d\u2019or de Rahaf Demashki.<\/span><\/p>\n<p><span style=\"font-size: 12pt;\">\u2192 20h30, le spectacle D\u00e9places. Exp\u00e9rience sensible et collective, le projet rassemble des personnes en situation de migration et des habitants issus des projets de l\u2019association rennaise Danse \u00e0 tous les \u00e9tages. Ce projet propose de cr\u00e9er une bulle dans laquelle chacun peut suspendre son quotidien, son chemin de vie pour mieux l\u2019exprimer, le partager. Danse, photo, musique\u2026 seront autant de supports pour permettre l\u2019\u00e9change et le tissage de liens au sein du groupe. \u00c0 partir de la po\u00e9sie de ces corps m\u00e9tiss\u00e9s, D\u00e9places saura se nourrir des mati\u00e8res, des paroles, des gestes \u00e9chang\u00e9s pour construire un propos chor\u00e9graphique.<\/span><\/p>\n<p><span style=\"font-size: 14pt;\"><strong><span style=\"font-family: courier new,courier,monospace;\">Dans le cadre de Rennes au Pluriel<br \/>\nMARDI 16 MAI &#8211; 18H00 &#8211; SALLE GUY ROPARTZ<\/span><\/strong><\/span><br \/>\n<span style=\"font-size: 14pt;\"> <strong><span style=\"font-family: courier new,courier,monospace;\">Gratuit sur r\u00e9servations :<br \/>\n<\/span><\/strong><span style=\"font-family: courier new,courier,monospace;\">02 23 06 09 53 \/ salleguyropartz@ville-rennes.fr<\/span><\/span><\/p>\n","protected":false},"excerpt":{"rendered":"<p>\u00c0 partir de la pr\u00e9sentation de trois exp\u00e9riences artistiques men\u00e9es par l\u2019artiste Rahaf Demashki, l\u2019association Danse \u00e0 tous les \u00e9tages et l\u2019association L\u2019\u00c2ge de la tortue, cette table-ronde s\u2019articulera autour des notions d\u2019engagement artistique et politique des artistes, de l\u2019art engag\u00e9, de citoyennet\u00e9, de repr\u00e9sentation et de participation pour des projets en lien avec la&#8230;  <a class=\"excerpt-read-more\" href=\"https:\/\/www.enciclopedia-de-los-migrantes.eu\/en\/lart-deconstruire-representations\/\" title=\"Read L\u2019art pour d\u00e9construire les repr\u00e9sentations ?\">Read more &raquo;<\/a><\/p>\n","protected":false},"author":4,"featured_media":1747,"comment_status":"open","ping_status":"open","sticky":false,"template":"","format":"standard","meta":{"footnotes":""},"categories":[23],"tags":[],"translation":{"provider":"WPGlobus","version":"2.12.2","language":"en","enabled_languages":["fr","es","pt","en"],"languages":{"fr":{"title":true,"content":true,"excerpt":false},"es":{"title":false,"content":false,"excerpt":false},"pt":{"title":false,"content":false,"excerpt":false},"en":{"title":false,"content":false,"excerpt":false}}},"acf":[],"_links":{"self":[{"href":"https:\/\/www.enciclopedia-de-los-migrantes.eu\/en\/wp-json\/wp\/v2\/posts\/1744"}],"collection":[{"href":"https:\/\/www.enciclopedia-de-los-migrantes.eu\/en\/wp-json\/wp\/v2\/posts"}],"about":[{"href":"https:\/\/www.enciclopedia-de-los-migrantes.eu\/en\/wp-json\/wp\/v2\/types\/post"}],"author":[{"embeddable":true,"href":"https:\/\/www.enciclopedia-de-los-migrantes.eu\/en\/wp-json\/wp\/v2\/users\/4"}],"replies":[{"embeddable":true,"href":"https:\/\/www.enciclopedia-de-los-migrantes.eu\/en\/wp-json\/wp\/v2\/comments?post=1744"}],"version-history":[{"count":0,"href":"https:\/\/www.enciclopedia-de-los-migrantes.eu\/en\/wp-json\/wp\/v2\/posts\/1744\/revisions"}],"wp:featuredmedia":[{"embeddable":true,"href":"https:\/\/www.enciclopedia-de-los-migrantes.eu\/en\/wp-json\/wp\/v2\/media\/1747"}],"wp:attachment":[{"href":"https:\/\/www.enciclopedia-de-los-migrantes.eu\/en\/wp-json\/wp\/v2\/media?parent=1744"}],"wp:term":[{"taxonomy":"category","embeddable":true,"href":"https:\/\/www.enciclopedia-de-los-migrantes.eu\/en\/wp-json\/wp\/v2\/categories?post=1744"},{"taxonomy":"post_tag","embeddable":true,"href":"https:\/\/www.enciclopedia-de-los-migrantes.eu\/en\/wp-json\/wp\/v2\/tags?post=1744"}],"curies":[{"name":"wp","href":"https:\/\/api.w.org\/{rel}","templated":true}]}}